{"id":512,"date":"2017-04-10T14:07:14","date_gmt":"2017-04-10T14:07:14","guid":{"rendered":"http:\/\/hotelgameiro.com\/?post_type=news&#038;p=512"},"modified":"2017-04-10T14:07:14","modified_gmt":"2017-04-10T14:07:14","slug":"seminario-internacional-de-karate-dias-22-e-23-de-abril","status":"publish","type":"news","link":"https:\/\/hotelgameiro.com\/en\/news\/seminario-internacional-de-karate-dias-22-e-23-de-abril\/","title":{"rendered":"International Karate Seminar on 22 and 23 April"},"content":{"rendered":"<p><img loading=\"lazy\" decoding=\"async\" class=\"alignnone wp-image-513 size-full\" src=\"http:\/\/hotelgameiro.com\/wp-content\/uploads\/2017\/04\/Portuguese-poster.jpg\" width=\"700\" height=\"350\" srcset=\"https:\/\/hotelgameiro.com\/wp-content\/uploads\/2017\/04\/Portuguese-poster.jpg 700w, https:\/\/hotelgameiro.com\/wp-content\/uploads\/2017\/04\/Portuguese-poster-300x150.jpg 300w\" sizes=\"auto, (max-width: 700px) 100vw, 700px\" \/><\/p>\n<p style=\"text-align: justify;\">Entroncamento will host the International Karate Seminar which will be held for the first time in Portugal. The event takes place on April 22nd and 23rd at the Municipal Sports Pavilion in the city. In the seminar it will be possible to meet and train with master (sensei) Jesse Enkamp, best-selling book of martial arts, international level educator, entrepreneur and founder of Seishin International. The seminar takes place between 10:00 am and 3:00 pm on both days and registration varies between 10 and 35 euros. The seminar is organized by the EKE _ Association School of Karate of Entroncamento with the support of the Chamber of Entroncamento.<\/p>\n<p><\/p>","protected":false},"excerpt":{"rendered":"<p>Hotel Gameiro has a highly competitive pricing policy in the region. With excellent value for money.<\/p>\n","protected":false},"author":1,"featured_media":0,"comment_status":"closed","ping_status":"closed","template":"","meta":{"jetpack_post_was_ever_published":false,"jetpack_publicize_message":"","jetpack_publicize_feature_enabled":true,"jetpack_social_post_already_shared":true,"jetpack_social_options":{"image_generator_settings":{"template":"highway","enabled":false},"version":2}},"tags":[5],"news-category":[3],"class_list":["post-512","news","type-news","status-publish","hentry","tag-noticias-hotel-gameiro","news-category-httphotelgameiro-insidevanity-ptnoticias"],"yoast_head":"<!-- This site is optimized with the Yoast SEO plugin v25.1 - https:\/\/yoast.com\/wordpress\/plugins\/seo\/ -->\n<title>International Karate Seminar on 22 and 23 April -<\/title>\n<meta name=\"robots\" content=\"index, follow, max-snippet:-1, max-image-preview:large, max-video-preview:-1\" \/>\n<link rel=\"canonical\" href=\"https:\/\/hotelgameiro.com\/news\/seminario-internacional-de-karate-dias-22-e-23-de-abril\/\" \/>\n<meta property=\"og:locale\" content=\"en_US\" \/>\n<meta property=\"og:type\" content=\"article\" \/>\n<meta property=\"og:title\" content=\"International Karate Seminar on 22 and 23 April -\" \/>\n<meta property=\"og:description\" content=\"[:pt]O Entroncamento vai receber um Semin\u00e1rio Internacional de Karat\u00e9 que vai realizar-se pela primeira vez em Portugal. O evento decorre nos dias 22 e 23 de Abril no Pavilh\u00e3o Desportivo Municipal da cidade.[:en]Hotel Gameiro has a highly competitive pricing policy in the region. With excellent value for money.[:]\" \/>\n<meta property=\"og:url\" content=\"https:\/\/hotelgameiro.com\/news\/seminario-internacional-de-karate-dias-22-e-23-de-abril\/\" \/>\n<meta property=\"article:publisher\" content=\"https:\/\/pt-pt.facebook.com\/Hotel-Gameiro-140640426008034\/\" \/>\n<meta property=\"og:image\" content=\"https:\/\/hotelgameiro.com\/wp-content\/uploads\/2017\/04\/Portuguese-poster.jpg\" \/>\n\t<meta property=\"og:image:width\" content=\"700\" \/>\n\t<meta property=\"og:image:height\" content=\"350\" \/>\n\t<meta property=\"og:image:type\" content=\"image\/jpeg\" \/>\n<meta name=\"twitter:card\" content=\"summary_large_image\" \/>\n<meta name=\"twitter:label1\" content=\"Est. reading time\" \/>\n\t<meta name=\"twitter:data1\" content=\"1 minute\" \/>\n<script type=\"application\/ld+json\" class=\"yoast-schema-graph\">{\"@context\":\"https:\/\/schema.org\",\"@graph\":[{\"@type\":\"WebPage\",\"@id\":\"https:\/\/hotelgameiro.com\/news\/seminario-internacional-de-karate-dias-22-e-23-de-abril\/\",\"url\":\"https:\/\/hotelgameiro.com\/news\/seminario-internacional-de-karate-dias-22-e-23-de-abril\/\",\"name\":\"International Karate Seminar on 22 and 23 April -\",\"isPartOf\":{\"@id\":\"https:\/\/hotelgameiro.com\/#website\"},\"primaryImageOfPage\":{\"@id\":\"https:\/\/hotelgameiro.com\/news\/seminario-internacional-de-karate-dias-22-e-23-de-abril\/#primaryimage\"},\"image\":{\"@id\":\"https:\/\/hotelgameiro.com\/news\/seminario-internacional-de-karate-dias-22-e-23-de-abril\/#primaryimage\"},\"thumbnailUrl\":\"http:\/\/hotelgameiro.com\/wp-content\/uploads\/2017\/04\/Portuguese-poster.jpg\",\"datePublished\":\"2017-04-10T14:07:14+00:00\",\"breadcrumb\":{\"@id\":\"https:\/\/hotelgameiro.com\/news\/seminario-internacional-de-karate-dias-22-e-23-de-abril\/#breadcrumb\"},\"inLanguage\":\"en-US\",\"potentialAction\":[{\"@type\":\"ReadAction\",\"target\":[\"https:\/\/hotelgameiro.com\/news\/seminario-internacional-de-karate-dias-22-e-23-de-abril\/\"]}]},{\"@type\":\"ImageObject\",\"inLanguage\":\"en-US\",\"@id\":\"https:\/\/hotelgameiro.com\/news\/seminario-internacional-de-karate-dias-22-e-23-de-abril\/#primaryimage\",\"url\":\"http:\/\/hotelgameiro.com\/wp-content\/uploads\/2017\/04\/Portuguese-poster.jpg\",\"contentUrl\":\"http:\/\/hotelgameiro.com\/wp-content\/uploads\/2017\/04\/Portuguese-poster.jpg\"},{\"@type\":\"BreadcrumbList\",\"@id\":\"https:\/\/hotelgameiro.com\/news\/seminario-internacional-de-karate-dias-22-e-23-de-abril\/#breadcrumb\",\"itemListElement\":[{\"@type\":\"ListItem\",\"position\":1,\"name\":\"Home\",\"item\":\"https:\/\/hotelgameiro.com\/\"},{\"@type\":\"ListItem\",\"position\":2,\"name\":\"News\",\"item\":\"https:\/\/hotelgameiro.com\/en\/news\/\"},{\"@type\":\"ListItem\",\"position\":3,\"name\":\"Semin\u00e1rio Internacional de Karat\u00e9 dias 22 e 23 de Abril\"}]},{\"@type\":\"WebSite\",\"@id\":\"https:\/\/hotelgameiro.com\/#website\",\"url\":\"https:\/\/hotelgameiro.com\/\",\"name\":\"\",\"description\":\"\",\"publisher\":{\"@id\":\"https:\/\/hotelgameiro.com\/#organization\"},\"potentialAction\":[{\"@type\":\"SearchAction\",\"target\":{\"@type\":\"EntryPoint\",\"urlTemplate\":\"https:\/\/hotelgameiro.com\/?s={search_term_string}\"},\"query-input\":{\"@type\":\"PropertyValueSpecification\",\"valueRequired\":true,\"valueName\":\"search_term_string\"}}],\"inLanguage\":\"en-US\"},{\"@type\":\"Organization\",\"@id\":\"https:\/\/hotelgameiro.com\/#organization\",\"name\":\"Hotel Gameiro\",\"url\":\"https:\/\/hotelgameiro.com\/\",\"logo\":{\"@type\":\"ImageObject\",\"inLanguage\":\"en-US\",\"@id\":\"https:\/\/hotelgameiro.com\/#\/schema\/logo\/image\/\",\"url\":\"https:\/\/hotelgameiro.com\/wp-content\/uploads\/2016\/02\/logo_gameiro_peq.png\",\"contentUrl\":\"https:\/\/hotelgameiro.com\/wp-content\/uploads\/2016\/02\/logo_gameiro_peq.png\",\"width\":136,\"height\":68,\"caption\":\"Hotel Gameiro\"},\"image\":{\"@id\":\"https:\/\/hotelgameiro.com\/#\/schema\/logo\/image\/\"},\"sameAs\":[\"https:\/\/pt-pt.facebook.com\/Hotel-Gameiro-140640426008034\/\"]}]}<\/script>\n<!-- \/ Yoast SEO plugin. -->","yoast_head_json":{"title":"International Karate Seminar on 22 and 23 April -","robots":{"index":"index","follow":"follow","max-snippet":"max-snippet:-1","max-image-preview":"max-image-preview:large","max-video-preview":"max-video-preview:-1"},"canonical":"https:\/\/hotelgameiro.com\/news\/seminario-internacional-de-karate-dias-22-e-23-de-abril\/","og_locale":"en_US","og_type":"article","og_title":"International Karate Seminar on 22 and 23 April -","og_description":"[:pt]O Entroncamento vai receber um Semin\u00e1rio Internacional de Karat\u00e9 que vai realizar-se pela primeira vez em Portugal. O evento decorre nos dias 22 e 23 de Abril no Pavilh\u00e3o Desportivo Municipal da cidade.[:en]Hotel Gameiro has a highly competitive pricing policy in the region. With excellent value for money.[:]","og_url":"https:\/\/hotelgameiro.com\/news\/seminario-internacional-de-karate-dias-22-e-23-de-abril\/","article_publisher":"https:\/\/pt-pt.facebook.com\/Hotel-Gameiro-140640426008034\/","og_image":[{"width":700,"height":350,"url":"https:\/\/hotelgameiro.com\/wp-content\/uploads\/2017\/04\/Portuguese-poster.jpg","type":"image\/jpeg"}],"twitter_card":"summary_large_image","twitter_misc":{"Est. reading time":"1 minute"},"schema":{"@context":"https:\/\/schema.org","@graph":[{"@type":"WebPage","@id":"https:\/\/hotelgameiro.com\/news\/seminario-internacional-de-karate-dias-22-e-23-de-abril\/","url":"https:\/\/hotelgameiro.com\/news\/seminario-internacional-de-karate-dias-22-e-23-de-abril\/","name":"International Karate Seminar on 22 and 23 April -","isPartOf":{"@id":"https:\/\/hotelgameiro.com\/#website"},"primaryImageOfPage":{"@id":"https:\/\/hotelgameiro.com\/news\/seminario-internacional-de-karate-dias-22-e-23-de-abril\/#primaryimage"},"image":{"@id":"https:\/\/hotelgameiro.com\/news\/seminario-internacional-de-karate-dias-22-e-23-de-abril\/#primaryimage"},"thumbnailUrl":"http:\/\/hotelgameiro.com\/wp-content\/uploads\/2017\/04\/Portuguese-poster.jpg","datePublished":"2017-04-10T14:07:14+00:00","breadcrumb":{"@id":"https:\/\/hotelgameiro.com\/news\/seminario-internacional-de-karate-dias-22-e-23-de-abril\/#breadcrumb"},"inLanguage":"en-US","potentialAction":[{"@type":"ReadAction","target":["https:\/\/hotelgameiro.com\/news\/seminario-internacional-de-karate-dias-22-e-23-de-abril\/"]}]},{"@type":"ImageObject","inLanguage":"en-US","@id":"https:\/\/hotelgameiro.com\/news\/seminario-internacional-de-karate-dias-22-e-23-de-abril\/#primaryimage","url":"http:\/\/hotelgameiro.com\/wp-content\/uploads\/2017\/04\/Portuguese-poster.jpg","contentUrl":"http:\/\/hotelgameiro.com\/wp-content\/uploads\/2017\/04\/Portuguese-poster.jpg"},{"@type":"BreadcrumbList","@id":"https:\/\/hotelgameiro.com\/news\/seminario-internacional-de-karate-dias-22-e-23-de-abril\/#breadcrumb","itemListElement":[{"@type":"ListItem","position":1,"name":"Home","item":"https:\/\/hotelgameiro.com\/"},{"@type":"ListItem","position":2,"name":"News","item":"https:\/\/hotelgameiro.com\/en\/news\/"},{"@type":"ListItem","position":3,"name":"Semin\u00e1rio Internacional de Karat\u00e9 dias 22 e 23 de Abril"}]},{"@type":"WebSite","@id":"https:\/\/hotelgameiro.com\/#website","url":"https:\/\/hotelgameiro.com\/","name":"","description":"","publisher":{"@id":"https:\/\/hotelgameiro.com\/#organization"},"potentialAction":[{"@type":"SearchAction","target":{"@type":"EntryPoint","urlTemplate":"https:\/\/hotelgameiro.com\/?s={search_term_string}"},"query-input":{"@type":"PropertyValueSpecification","valueRequired":true,"valueName":"search_term_string"}}],"inLanguage":"en-US"},{"@type":"Organization","@id":"https:\/\/hotelgameiro.com\/#organization","name":"Hotel Gameiro","url":"https:\/\/hotelgameiro.com\/","logo":{"@type":"ImageObject","inLanguage":"en-US","@id":"https:\/\/hotelgameiro.com\/#\/schema\/logo\/image\/","url":"https:\/\/hotelgameiro.com\/wp-content\/uploads\/2016\/02\/logo_gameiro_peq.png","contentUrl":"https:\/\/hotelgameiro.com\/wp-content\/uploads\/2016\/02\/logo_gameiro_peq.png","width":136,"height":68,"caption":"Hotel Gameiro"},"image":{"@id":"https:\/\/hotelgameiro.com\/#\/schema\/logo\/image\/"},"sameAs":["https:\/\/pt-pt.facebook.com\/Hotel-Gameiro-140640426008034\/"]}]}},"jetpack_publicize_connections":[],"jetpack_sharing_enabled":true,"_links":{"self":[{"href":"https:\/\/hotelgameiro.com\/en\/wp-json\/wp\/v2\/news\/512","targetHints":{"allow":["GET"]}}],"collection":[{"href":"https:\/\/hotelgameiro.com\/en\/wp-json\/wp\/v2\/news"}],"about":[{"href":"https:\/\/hotelgameiro.com\/en\/wp-json\/wp\/v2\/types\/news"}],"author":[{"embeddable":true,"href":"https:\/\/hotelgameiro.com\/en\/wp-json\/wp\/v2\/users\/1"}],"replies":[{"embeddable":true,"href":"https:\/\/hotelgameiro.com\/en\/wp-json\/wp\/v2\/comments?post=512"}],"version-history":[{"count":0,"href":"https:\/\/hotelgameiro.com\/en\/wp-json\/wp\/v2\/news\/512\/revisions"}],"wp:attachment":[{"href":"https:\/\/hotelgameiro.com\/en\/wp-json\/wp\/v2\/media?parent=512"}],"wp:term":[{"taxonomy":"post_tag","embeddable":true,"href":"https:\/\/hotelgameiro.com\/en\/wp-json\/wp\/v2\/tags?post=512"},{"taxonomy":"news-category","embeddable":true,"href":"https:\/\/hotelgameiro.com\/en\/wp-json\/wp\/v2\/news-category?post=512"}],"curies":[{"name":"wp","href":"https:\/\/api.w.org\/{rel}","templated":true}]}}